{"id":11265,"date":"2025-07-31T15:09:28","date_gmt":"2025-07-31T13:09:28","guid":{"rendered":"https:\/\/www.straganzdrowia.pl\/blog\/?p=11265"},"modified":"2025-07-31T15:09:29","modified_gmt":"2025-07-31T13:09:29","slug":"dlaczego-lysienie-i-przeszczep-wlosow-sa-wciaz-tematem-tabu-i-jaki-ma-to-wplyw-na-psychike","status":"publish","type":"post","link":"https:\/\/www.straganzdrowia.pl\/blog\/abc-urody\/dlaczego-lysienie-i-przeszczep-wlosow-sa-wciaz-tematem-tabu-i-jaki-ma-to-wplyw-na-psychike","title":{"rendered":"Dlaczego \u0142ysienie i przeszczep w\u0142os\u00f3w s\u0105 wci\u0105\u017c tematem tabu \u2013 i jaki ma to wp\u0142yw na psychik\u0119?"},"content":{"rendered":"\n<p>Utrata w\u0142os\u00f3w, mimo \u017ce dotyka coraz wi\u0119cej os\u00f3b \u2014 zar\u00f3wno m\u0119\u017cczyzn, jak i kobiet \u2014 wci\u0105\u017c pozostaje tematem niech\u0119tnie poruszanym. U m\u0119\u017cczyzn \u0142ysienie bywa uto\u017csamiane ze starzeniem si\u0119 i utrat\u0105 witalno\u015bci, co wp\u0142ywa na to, \u017ce wielu z nich zmaga si\u0119 z tego powodu z pogorszeniem poczucia w\u0142asnej warto\u015bci. U kobiet w\u0142osy s\u0105 silnie powi\u0105zane z poczuciem kobieco\u015bci i atrakcyjno\u015bci \u2014 ich utrata mo\u017ce wywo\u0142ywa\u0107 silny wstyd i l\u0119k. Dla Polak\u00f3w temat ten bywa szczeg\u00f3lnie trudny \u2013 cz\u0119sto decyduj\u0105 si\u0119 na zabiegi za granic\u0105, by unikn\u0105\u0107 s\u0105siedzkich plotek. Z czego to wynika, \u017ce \u0142ysienie oraz zabieg przeszczepu w\u0142os\u00f3w s\u0105 wci\u0105\u017c tematem tabu i jak to wp\u0142ywa na samopoczucie oraz samoocen\u0119 osoby zmagaj\u0105cej si\u0119 z utrat\u0105 w\u0142os\u00f3w?<\/p>\n\n\n\n<h2 class=\"wp-block-heading\">Spo\u0142eczne stereotypy wok\u00f3\u0142 \u0142ysienia i przeszczepu<\/h2>\n\n\n\n<p>Temat wci\u0105\u017c otacza szereg stereotyp\u00f3w:<\/p>\n\n\n\n<ul class=\"wp-block-list\"><li>Przeszczep w\u0142os\u00f3w bywa odbierany jako fanaberia, sztuczny spos\u00f3b \u201eupi\u0119kszania si\u0119\u201d i nieumiej\u0119tno\u015b\u0107 pogodzenia si\u0119 ze starzeniem i zmianami, kt\u00f3re zachodz\u0105 w ciele.<\/li><li>Wiele os\u00f3b ma obawy przed nienaturalnym efektami lub skutkami ubocznymi po zabiegu, co jest \u017ar\u00f3d\u0142em l\u0119ku przed podj\u0119ciem decyzji o zabiegu.<\/li><li>Wielu osobom \u0142ysienie wci\u0105\u017c kojarzy si\u0119 z \u201eko\u0144cem m\u0142odo\u015bci\u201d, zaniedbaniem lub oznak\u0105 s\u0142abo\u015bci, co sprawia, \u017ce wstydz\u0105 si\u0119 szuka\u0107 pomocy \u2013 nawet u specjalisty. Cz\u0119sto obawiaj\u0105 si\u0119 te\u017c, \u017ce ju\u017c sama rozmowa z lekarzem zostanie odebrana jako oznaka pr\u00f3\u017cno\u015bci lub desperacji, przez co t\u0142umi\u0105 problem latami, zamiast szuka\u0107 realnego wsparcia.<\/li><\/ul>\n\n\n\n<h2 class=\"wp-block-heading\">Dlaczego tabu si\u0119 utrzymuje?<\/h2>\n\n\n\n<p>Temat \u0142ysienia cz\u0119sto nie jest poruszany publicznie. Brakuje rzetelnych informacji w mediach dotycz\u0105cych emocjonalnych skutk\u00f3w utraty w\u0142os\u00f3w oraz mo\u017cliwo\u015bci medycznych rozwi\u0105za\u0144.<\/p>\n\n\n\n<p>Wstyd utrzymywany jest przez stereotypy spo\u0142eczne, a prze\u0142amywanie tabu wymaga, by \u0142ysienie by\u0142o traktowane jak ka\u017cdy inny problem zdrowotny, nie wynikaj\u0105cy z zaniedbania, ale cz\u0119sto genetyki czy hormon\u00f3w.<\/p>\n\n\n\n<p>Kolejn\u0105 przyczyn\u0105 jest to, \u017ce metody leczenia \u0142ysienia s\u0105 stygmatyzowane. Przeszczep w\u0142os\u00f3w jest odbierany jako zbyt inwazyjny (co wynika z opinii, \u017ce ingerencja w wygl\u0105d czyni cz\u0142owieka sztucznym) lub ekskluzywny. A przecie\u017c leczenie \u0142ysienia to pomaganie sobie, a nie luksus czy pr\u00f3\u017cno\u015b\u0107.<\/p>\n\n\n\n<p>Rozmowa o \u0142ysieniu i przeszczepie w\u0142os\u00f3w jest potrzebna. Nie chodzi o namawianie wszystkich do zabiegu, lecz o u\u015bwiadomienie, \u017ce problem psychiczny z tym zwi\u0105zany jest realny, a rozwi\u0105zania medyczne \u2013 dost\u0119pne.<\/p>\n\n\n\n<h2 class=\"wp-block-heading\">Jak to wp\u0142ywa na psychik\u0119?<\/h2>\n\n\n\n<ul class=\"wp-block-list\"><li>Obni\u017cona samoocena \u2013 liczne badania wskazuj\u0105, \u017ce postrzeganie siebie jako mniej atrakcyjnych z powodu \u0142ysienia wp\u0142ywa na og\u00f3lne poczucie warto\u015bci i bywa przyczyn\u0105 frustracji i smutku.<\/li><li>L\u0119k spo\u0142eczny i izolacja \u2013 niekt\u00f3rzy unikaj\u0105 aktywno\u015bci towarzyskich (randek, spotka\u0144 rodzinnych), bo boj\u0105 si\u0119 oceny lub spojrze\u0144 innych.<\/li><li>Zwi\u0119kszony stres i ryzyko depresji \u2013 chroniczny stres zwi\u0105zany z wizerunkiem mo\u017ce prowadzi\u0107 do obni\u017conego nastroju i wp\u0142ywa\u0107 na jako\u015b\u0107 \u017cycia emocjonalnego.<\/li><li>Problemy w relacjach interpersonalnych \u2013 trudno\u015bci z wej\u015bciem w nowe relacje lub utrzymaniem pewno\u015bci siebie w ju\u017c istniej\u0105cych wynikaj\u0105ce z poczucia zawstydzenia.<\/li><li>U kobiet, zw\u0142aszcza u tych, kt\u00f3re uto\u017csamiaj\u0105 w\u0142osy z kobieco\u015bci\u0105 i pi\u0119knem, \u0142ysienie mo\u017ce wywo\u0142ywa\u0107 silny niepok\u00f3j, obni\u017cenie samooceny, wstyd i poczucie bycia \u201cnieatrakcyjn\u0105\u201d.<\/li><\/ul>\n\n\n\n<h2 class=\"wp-block-heading\">Przeszczep w\u0142os\u00f3w jako metoda radzenia sobie z \u0142ysieniem (i jego emocjonalnymi konsekwencjami)<\/h2>\n\n\n\n<p>Przeszczep w\u0142os\u00f3w stanowi jedn\u0105 z kilku opcji radzenia sobie z problemem utraty w\u0142os\u00f3w, a wielu pacjent\u00f3w do\u015bwiadcza po nim znacznej poprawy jako\u015bci \u017cycia:<\/p>\n\n\n\n<ul class=\"wp-block-list\"><li>Wi\u0119ksza pewno\u015b\u0107 siebie, redukcja l\u0119ku zwi\u0105zana z wygl\u0105dem, wi\u0119ksza swoboda w relacjach spo\u0142ecznych.<\/li><li>Dla wielu os\u00f3b jest to inwestycja nie tylko we w\u0142asny wygl\u0105d, ale przede wszystkim w samopoczucie psychiczne \u2014 dzi\u0119ki poprawie samoakceptacji i komfortu \u017cycia.<\/li><\/ul>\n\n\n\n<p>Je\u015bli rozwa\u017casz transplantacj\u0119 w\u0142os\u00f3w warto wybra\u0107 <a href=\"https:\/\/centrumkierach.pl\/\"><u><strong>profesjonalny o\u015brodek przeszczepu w\u0142os\u00f3w taki jak Kierach Medical Clinic<\/strong><\/u><\/a>. Warszawska klinika doktora Artura Kieracha oferuje konsultacje, zabiegi metod\u0105 FUE\u2011DHI, a tak\u017ce kompleksowe wsparcie \u2014 zar\u00f3wno przed, jak i po zabiegu.<\/p>\n","protected":false},"excerpt":{"rendered":"<p>Utrata w\u0142os\u00f3w, mimo \u017ce dotyka coraz wi\u0119cej os\u00f3b \u2014 zar\u00f3wno m\u0119\u017cczyzn, jak i kobiet \u2014 wci\u0105\u017c pozostaje tematem niech\u0119tnie poruszanym. U m\u0119\u017cczyzn \u0142ysienie bywa uto\u017csamiane ze starzeniem si\u0119 i utrat\u0105 witalno\u015bci, co wp\u0142ywa na&#46;&#46;&#46;<\/p>\n","protected":false},"author":11,"featured_media":11266,"comment_status":"open","ping_status":"closed","sticky":false,"template":"","format":"standard","meta":{"footnotes":""},"categories":[2],"tags":[],"class_list":["post-11265","post","type-post","status-publish","format-standard","has-post-thumbnail","hentry","category-abc-urody"],"yoast_head":"<!-- This site is optimized with the Yoast SEO plugin v19.1 - https:\/\/yoast.com\/wordpress\/plugins\/seo\/ -->\n<title>Dlaczego \u0142ysienie i przeszczep w\u0142os\u00f3w s\u0105 wci\u0105\u017c tematem tabu \u2013 i jaki ma to wp\u0142yw na psychik\u0119? - \u017byj zdrowo, jedz zdrowo - blog ze Straganu o zdrowym \u017cyciu i od\u017cywianiu<\/title>\n<meta name=\"robots\" content=\"index, follow, max-snippet:-1, max-image-preview:large, max-video-preview:-1\" \/>\n<link rel=\"canonical\" href=\"https:\/\/www.straganzdrowia.pl\/blog\/abc-urody\/dlaczego-lysienie-i-przeszczep-wlosow-sa-wciaz-tematem-tabu-i-jaki-ma-to-wplyw-na-psychike\" \/>\n<meta property=\"og:locale\" content=\"pl_PL\" \/>\n<meta property=\"og:type\" content=\"article\" \/>\n<meta property=\"og:title\" content=\"Dlaczego \u0142ysienie i przeszczep w\u0142os\u00f3w s\u0105 wci\u0105\u017c tematem tabu \u2013 i jaki ma to wp\u0142yw na psychik\u0119? - \u017byj zdrowo, jedz zdrowo - blog ze Straganu o zdrowym \u017cyciu i od\u017cywianiu\" \/>\n<meta property=\"og:description\" content=\"Utrata w\u0142os\u00f3w, mimo \u017ce dotyka coraz wi\u0119cej os\u00f3b \u2014 zar\u00f3wno m\u0119\u017cczyzn, jak i kobiet \u2014 wci\u0105\u017c pozostaje tematem niech\u0119tnie poruszanym. U m\u0119\u017cczyzn \u0142ysienie bywa uto\u017csamiane ze starzeniem si\u0119 i utrat\u0105 witalno\u015bci, co wp\u0142ywa na&#046;&#046;&#046;\" \/>\n<meta property=\"og:url\" content=\"https:\/\/www.straganzdrowia.pl\/blog\/abc-urody\/dlaczego-lysienie-i-przeszczep-wlosow-sa-wciaz-tematem-tabu-i-jaki-ma-to-wplyw-na-psychike\" \/>\n<meta property=\"og:site_name\" content=\"\u017byj zdrowo, jedz zdrowo - blog ze Straganu o zdrowym \u017cyciu i od\u017cywianiu\" \/>\n<meta property=\"article:published_time\" content=\"2025-07-31T13:09:28+00:00\" \/>\n<meta property=\"article:modified_time\" content=\"2025-07-31T13:09:29+00:00\" \/>\n<meta property=\"og:image\" content=\"https:\/\/www.straganzdrowia.pl\/blog\/wp-content\/uploads\/2025\/07\/2149152764.jpg\" \/>\n\t<meta property=\"og:image:width\" content=\"885\" \/>\n\t<meta property=\"og:image:height\" content=\"398\" \/>\n\t<meta property=\"og:image:type\" content=\"image\/jpeg\" \/>\n<meta name=\"twitter:card\" content=\"summary\" \/>\n<meta name=\"twitter:label1\" content=\"Napisane przez\" \/>\n\t<meta name=\"twitter:data1\" content=\"mr-white\" \/>\n\t<meta name=\"twitter:label2\" content=\"Szacowany czas czytania\" \/>\n\t<meta name=\"twitter:data2\" content=\"4 minuty\" \/>\n<script type=\"application\/ld+json\" class=\"yoast-schema-graph\">{\"@context\":\"https:\/\/schema.org\",\"@graph\":[{\"@type\":\"WebSite\",\"@id\":\"https:\/\/www.straganzdrowia.pl\/blog\/#website\",\"url\":\"https:\/\/www.straganzdrowia.pl\/blog\/\",\"name\":\"\u017byj zdrowo, jedz zdrowo - blog ze Straganu o zdrowym \u017cyciu i od\u017cywianiu\",\"description\":\"Blog, ze Straganu, o zdrowym \u017cyciu i od\u017cywianiu. Porady na temat zdrowego \u017cycia, diety, suplement\u00f3w diety oraz ciekawostki z medycyny naturalnej.\",\"potentialAction\":[{\"@type\":\"SearchAction\",\"target\":{\"@type\":\"EntryPoint\",\"urlTemplate\":\"https:\/\/www.straganzdrowia.pl\/blog\/?s={search_term_string}\"},\"query-input\":\"required name=search_term_string\"}],\"inLanguage\":\"pl-PL\"},{\"@type\":\"ImageObject\",\"inLanguage\":\"pl-PL\",\"@id\":\"https:\/\/www.straganzdrowia.pl\/blog\/abc-urody\/dlaczego-lysienie-i-przeszczep-wlosow-sa-wciaz-tematem-tabu-i-jaki-ma-to-wplyw-na-psychike#primaryimage\",\"url\":\"https:\/\/www.straganzdrowia.pl\/blog\/wp-content\/uploads\/2025\/07\/2149152764.jpg\",\"contentUrl\":\"https:\/\/www.straganzdrowia.pl\/blog\/wp-content\/uploads\/2025\/07\/2149152764.jpg\",\"width\":885,\"height\":398},{\"@type\":\"WebPage\",\"@id\":\"https:\/\/www.straganzdrowia.pl\/blog\/abc-urody\/dlaczego-lysienie-i-przeszczep-wlosow-sa-wciaz-tematem-tabu-i-jaki-ma-to-wplyw-na-psychike#webpage\",\"url\":\"https:\/\/www.straganzdrowia.pl\/blog\/abc-urody\/dlaczego-lysienie-i-przeszczep-wlosow-sa-wciaz-tematem-tabu-i-jaki-ma-to-wplyw-na-psychike\",\"name\":\"Dlaczego \u0142ysienie i przeszczep w\u0142os\u00f3w s\u0105 wci\u0105\u017c tematem tabu \u2013 i jaki ma to wp\u0142yw na psychik\u0119? - \u017byj zdrowo, jedz zdrowo - blog ze Straganu o zdrowym \u017cyciu i od\u017cywianiu\",\"isPartOf\":{\"@id\":\"https:\/\/www.straganzdrowia.pl\/blog\/#website\"},\"primaryImageOfPage\":{\"@id\":\"https:\/\/www.straganzdrowia.pl\/blog\/abc-urody\/dlaczego-lysienie-i-przeszczep-wlosow-sa-wciaz-tematem-tabu-i-jaki-ma-to-wplyw-na-psychike#primaryimage\"},\"datePublished\":\"2025-07-31T13:09:28+00:00\",\"dateModified\":\"2025-07-31T13:09:29+00:00\",\"author\":{\"@id\":\"https:\/\/www.straganzdrowia.pl\/blog\/#\/schema\/person\/6809610449189f4da0a3ff5bb1de5100\"},\"breadcrumb\":{\"@id\":\"https:\/\/www.straganzdrowia.pl\/blog\/abc-urody\/dlaczego-lysienie-i-przeszczep-wlosow-sa-wciaz-tematem-tabu-i-jaki-ma-to-wplyw-na-psychike#breadcrumb\"},\"inLanguage\":\"pl-PL\",\"potentialAction\":[{\"@type\":\"ReadAction\",\"target\":[\"https:\/\/www.straganzdrowia.pl\/blog\/abc-urody\/dlaczego-lysienie-i-przeszczep-wlosow-sa-wciaz-tematem-tabu-i-jaki-ma-to-wplyw-na-psychike\"]}]},{\"@type\":\"BreadcrumbList\",\"@id\":\"https:\/\/www.straganzdrowia.pl\/blog\/abc-urody\/dlaczego-lysienie-i-przeszczep-wlosow-sa-wciaz-tematem-tabu-i-jaki-ma-to-wplyw-na-psychike#breadcrumb\",\"itemListElement\":[{\"@type\":\"ListItem\",\"position\":1,\"name\":\"Blog\",\"item\":\"https:\/\/www.straganzdrowia.pl\/blog\"},{\"@type\":\"ListItem\",\"position\":2,\"name\":\"ABC urody\",\"item\":\"https:\/\/www.straganzdrowia.pl\/blog\/category\/abc-urody\"},{\"@type\":\"ListItem\",\"position\":3,\"name\":\"Dlaczego \u0142ysienie i przeszczep w\u0142os\u00f3w s\u0105 wci\u0105\u017c tematem tabu \u2013 i jaki ma to wp\u0142yw na psychik\u0119?\"}]},{\"@type\":\"Person\",\"@id\":\"https:\/\/www.straganzdrowia.pl\/blog\/#\/schema\/person\/6809610449189f4da0a3ff5bb1de5100\",\"name\":\"mr-white\",\"image\":{\"@type\":\"ImageObject\",\"inLanguage\":\"pl-PL\",\"@id\":\"https:\/\/www.straganzdrowia.pl\/blog\/#\/schema\/person\/image\/\",\"url\":\"https:\/\/secure.gravatar.com\/avatar\/1b7b13d82934f9473ae3c7383b5809fe57a8eb143f52cb6134194c4157011df9?s=96&d=wavatar&r=g\",\"contentUrl\":\"https:\/\/secure.gravatar.com\/avatar\/1b7b13d82934f9473ae3c7383b5809fe57a8eb143f52cb6134194c4157011df9?s=96&d=wavatar&r=g\",\"caption\":\"mr-white\"},\"url\":\"https:\/\/www.straganzdrowia.pl\/blog\/author\/mr-white\"}]}<\/script>\n<!-- \/ Yoast SEO plugin. -->","yoast_head_json":{"title":"Dlaczego \u0142ysienie i przeszczep w\u0142os\u00f3w s\u0105 wci\u0105\u017c tematem tabu \u2013 i jaki ma to wp\u0142yw na psychik\u0119? - \u017byj zdrowo, jedz zdrowo - blog ze Straganu o zdrowym \u017cyciu i od\u017cywianiu","robots":{"index":"index","follow":"follow","max-snippet":"max-snippet:-1","max-image-preview":"max-image-preview:large","max-video-preview":"max-video-preview:-1"},"canonical":"https:\/\/www.straganzdrowia.pl\/blog\/abc-urody\/dlaczego-lysienie-i-przeszczep-wlosow-sa-wciaz-tematem-tabu-i-jaki-ma-to-wplyw-na-psychike","og_locale":"pl_PL","og_type":"article","og_title":"Dlaczego \u0142ysienie i przeszczep w\u0142os\u00f3w s\u0105 wci\u0105\u017c tematem tabu \u2013 i jaki ma to wp\u0142yw na psychik\u0119? - \u017byj zdrowo, jedz zdrowo - blog ze Straganu o zdrowym \u017cyciu i od\u017cywianiu","og_description":"Utrata w\u0142os\u00f3w, mimo \u017ce dotyka coraz wi\u0119cej os\u00f3b \u2014 zar\u00f3wno m\u0119\u017cczyzn, jak i kobiet \u2014 wci\u0105\u017c pozostaje tematem niech\u0119tnie poruszanym. U m\u0119\u017cczyzn \u0142ysienie bywa uto\u017csamiane ze starzeniem si\u0119 i utrat\u0105 witalno\u015bci, co wp\u0142ywa na&#46;&#46;&#46;","og_url":"https:\/\/www.straganzdrowia.pl\/blog\/abc-urody\/dlaczego-lysienie-i-przeszczep-wlosow-sa-wciaz-tematem-tabu-i-jaki-ma-to-wplyw-na-psychike","og_site_name":"\u017byj zdrowo, jedz zdrowo - blog ze Straganu o zdrowym \u017cyciu i od\u017cywianiu","article_published_time":"2025-07-31T13:09:28+00:00","article_modified_time":"2025-07-31T13:09:29+00:00","og_image":[{"width":885,"height":398,"url":"https:\/\/www.straganzdrowia.pl\/blog\/wp-content\/uploads\/2025\/07\/2149152764.jpg","type":"image\/jpeg"}],"twitter_card":"summary","twitter_misc":{"Napisane przez":"mr-white","Szacowany czas czytania":"4 minuty"},"schema":{"@context":"https:\/\/schema.org","@graph":[{"@type":"WebSite","@id":"https:\/\/www.straganzdrowia.pl\/blog\/#website","url":"https:\/\/www.straganzdrowia.pl\/blog\/","name":"\u017byj zdrowo, jedz zdrowo - blog ze Straganu o zdrowym \u017cyciu i od\u017cywianiu","description":"Blog, ze Straganu, o zdrowym \u017cyciu i od\u017cywianiu. Porady na temat zdrowego \u017cycia, diety, suplement\u00f3w diety oraz ciekawostki z medycyny naturalnej.","potentialAction":[{"@type":"SearchAction","target":{"@type":"EntryPoint","urlTemplate":"https:\/\/www.straganzdrowia.pl\/blog\/?s={search_term_string}"},"query-input":"required name=search_term_string"}],"inLanguage":"pl-PL"},{"@type":"ImageObject","inLanguage":"pl-PL","@id":"https:\/\/www.straganzdrowia.pl\/blog\/abc-urody\/dlaczego-lysienie-i-przeszczep-wlosow-sa-wciaz-tematem-tabu-i-jaki-ma-to-wplyw-na-psychike#primaryimage","url":"https:\/\/www.straganzdrowia.pl\/blog\/wp-content\/uploads\/2025\/07\/2149152764.jpg","contentUrl":"https:\/\/www.straganzdrowia.pl\/blog\/wp-content\/uploads\/2025\/07\/2149152764.jpg","width":885,"height":398},{"@type":"WebPage","@id":"https:\/\/www.straganzdrowia.pl\/blog\/abc-urody\/dlaczego-lysienie-i-przeszczep-wlosow-sa-wciaz-tematem-tabu-i-jaki-ma-to-wplyw-na-psychike#webpage","url":"https:\/\/www.straganzdrowia.pl\/blog\/abc-urody\/dlaczego-lysienie-i-przeszczep-wlosow-sa-wciaz-tematem-tabu-i-jaki-ma-to-wplyw-na-psychike","name":"Dlaczego \u0142ysienie i przeszczep w\u0142os\u00f3w s\u0105 wci\u0105\u017c tematem tabu \u2013 i jaki ma to wp\u0142yw na psychik\u0119? - \u017byj zdrowo, jedz zdrowo - blog ze Straganu o zdrowym \u017cyciu i od\u017cywianiu","isPartOf":{"@id":"https:\/\/www.straganzdrowia.pl\/blog\/#website"},"primaryImageOfPage":{"@id":"https:\/\/www.straganzdrowia.pl\/blog\/abc-urody\/dlaczego-lysienie-i-przeszczep-wlosow-sa-wciaz-tematem-tabu-i-jaki-ma-to-wplyw-na-psychike#primaryimage"},"datePublished":"2025-07-31T13:09:28+00:00","dateModified":"2025-07-31T13:09:29+00:00","author":{"@id":"https:\/\/www.straganzdrowia.pl\/blog\/#\/schema\/person\/6809610449189f4da0a3ff5bb1de5100"},"breadcrumb":{"@id":"https:\/\/www.straganzdrowia.pl\/blog\/abc-urody\/dlaczego-lysienie-i-przeszczep-wlosow-sa-wciaz-tematem-tabu-i-jaki-ma-to-wplyw-na-psychike#breadcrumb"},"inLanguage":"pl-PL","potentialAction":[{"@type":"ReadAction","target":["https:\/\/www.straganzdrowia.pl\/blog\/abc-urody\/dlaczego-lysienie-i-przeszczep-wlosow-sa-wciaz-tematem-tabu-i-jaki-ma-to-wplyw-na-psychike"]}]},{"@type":"BreadcrumbList","@id":"https:\/\/www.straganzdrowia.pl\/blog\/abc-urody\/dlaczego-lysienie-i-przeszczep-wlosow-sa-wciaz-tematem-tabu-i-jaki-ma-to-wplyw-na-psychike#breadcrumb","itemListElement":[{"@type":"ListItem","position":1,"name":"Blog","item":"https:\/\/www.straganzdrowia.pl\/blog"},{"@type":"ListItem","position":2,"name":"ABC urody","item":"https:\/\/www.straganzdrowia.pl\/blog\/category\/abc-urody"},{"@type":"ListItem","position":3,"name":"Dlaczego \u0142ysienie i przeszczep w\u0142os\u00f3w s\u0105 wci\u0105\u017c tematem tabu \u2013 i jaki ma to wp\u0142yw na psychik\u0119?"}]},{"@type":"Person","@id":"https:\/\/www.straganzdrowia.pl\/blog\/#\/schema\/person\/6809610449189f4da0a3ff5bb1de5100","name":"mr-white","image":{"@type":"ImageObject","inLanguage":"pl-PL","@id":"https:\/\/www.straganzdrowia.pl\/blog\/#\/schema\/person\/image\/","url":"https:\/\/secure.gravatar.com\/avatar\/1b7b13d82934f9473ae3c7383b5809fe57a8eb143f52cb6134194c4157011df9?s=96&d=wavatar&r=g","contentUrl":"https:\/\/secure.gravatar.com\/avatar\/1b7b13d82934f9473ae3c7383b5809fe57a8eb143f52cb6134194c4157011df9?s=96&d=wavatar&r=g","caption":"mr-white"},"url":"https:\/\/www.straganzdrowia.pl\/blog\/author\/mr-white"}]}},"_links":{"self":[{"href":"https:\/\/www.straganzdrowia.pl\/blog\/wp-json\/wp\/v2\/posts\/11265","targetHints":{"allow":["GET"]}}],"collection":[{"href":"https:\/\/www.straganzdrowia.pl\/blog\/wp-json\/wp\/v2\/posts"}],"about":[{"href":"https:\/\/www.straganzdrowia.pl\/blog\/wp-json\/wp\/v2\/types\/post"}],"author":[{"embeddable":true,"href":"https:\/\/www.straganzdrowia.pl\/blog\/wp-json\/wp\/v2\/users\/11"}],"replies":[{"embeddable":true,"href":"https:\/\/www.straganzdrowia.pl\/blog\/wp-json\/wp\/v2\/comments?post=11265"}],"version-history":[{"count":1,"href":"https:\/\/www.straganzdrowia.pl\/blog\/wp-json\/wp\/v2\/posts\/11265\/revisions"}],"predecessor-version":[{"id":11267,"href":"https:\/\/www.straganzdrowia.pl\/blog\/wp-json\/wp\/v2\/posts\/11265\/revisions\/11267"}],"wp:featuredmedia":[{"embeddable":true,"href":"https:\/\/www.straganzdrowia.pl\/blog\/wp-json\/wp\/v2\/media\/11266"}],"wp:attachment":[{"href":"https:\/\/www.straganzdrowia.pl\/blog\/wp-json\/wp\/v2\/media?parent=11265"}],"wp:term":[{"taxonomy":"category","embeddable":true,"href":"https:\/\/www.straganzdrowia.pl\/blog\/wp-json\/wp\/v2\/categories?post=11265"},{"taxonomy":"post_tag","embeddable":true,"href":"https:\/\/www.straganzdrowia.pl\/blog\/wp-json\/wp\/v2\/tags?post=11265"}],"curies":[{"name":"wp","href":"https:\/\/api.w.org\/{rel}","templated":true}]}}